{"id":47,"date":"2010-02-19T16:53:45","date_gmt":"2010-02-19T15:53:45","guid":{"rendered":"https:\/\/sikorowska.net\/rodzinnie\/?p=47"},"modified":"2010-02-21T11:59:26","modified_gmt":"2010-02-21T10:59:26","slug":"przyjaciele-o-leszku","status":"publish","type":"post","link":"https:\/\/sikorowska.net\/rodzinnie\/2010\/02\/19\/przyjaciele-o-leszku\/","title":{"rendered":"Przyjaciele o Leszku"},"content":{"rendered":"<p>Dzi\u0119ki uprzejmo\u015bci prawdziwego PRZYJACIELA Taty &#8211; Druha <strong>TADEUSZA KOPOCZKA<\/strong> &#8211; mog\u0119 opublikowa\u0107 tu artyku\u0142, kt\u00f3ry pojawi\u0142 si\u0119 w najnowszym &#8211; XV Kalendarzu Mi\u0142o\u015bnik\u00f3w Skoczowa 2010 (Towarzystwo Mi\u0142o\u015bnik\u00f3w Skoczowa 2010).<\/p>\n<p>Kiedy s\u0142ucham wspomnie\u0144 Druha Tadeusza, mog\u0119 pozazdro\u015bci\u0107 mojemu Ojcu tej pi\u0119knej PRZYJA\u0179NI.<\/p>\nngg_shortcode_0_placeholder\n<p>Dzi\u0119kuj\u0119 Druhowi Tadeuszowi za wszystkie ciep\u0142e s\u0142owa o moim Tacie.<\/p>\n<p>Jestem wdzi\u0119czna za wsparcie, kt\u00f3rego udzieli\u0142 mojej Mamie i mnie, kiedy Taty zabrak\u0142o. Tak\u017ce za to, \u017ce ZAWSZE mog\u0142am i mog\u0119 liczy\u0107 na pomoc i rad\u0119.<\/p>\n<p>Dzi\u0119kuj\u0119 za ka\u017cd\u0105 chwil\u0119 rozmowy, a teraz g\u0142\u00f3wnie za cierpliwo\u015b\u0107 (wiem, jak\u0105 jestem gadu\u0142\u0105) i poparcie mojego pomys\u0142u pt. &#8222;Rodzinnie&#8221;.<\/p>\n<p>I prosz\u0119 o&#8230; jeszcze \ud83d\ude42<\/p>\n<p>Bogna<\/p>\n","protected":false},"excerpt":{"rendered":"<p>Dzi\u0119ki uprzejmo\u015bci prawdziwego PRZYJACIELA Taty &#8211; Druha TADEUSZA KOPOCZKA &#8211; mog\u0119 opublikowa\u0107 tu artyku\u0142, kt\u00f3ry pojawi\u0142 si\u0119 w najnowszym &#8211; XV Kalendarzu Mi\u0142o\u015bnik\u00f3w Skoczowa 2010 (Towarzystwo Mi\u0142o\u015bnik\u00f3w Skoczowa 2010). Kiedy s\u0142ucham wspomnie\u0144 Druha Tadeusza, mog\u0119 pozazdro\u015bci\u0107 mojemu Ojcu tej pi\u0119knej PRZYJA\u0179NI. Dzi\u0119kuj\u0119 Druhowi Tadeuszowi za wszystkie ciep\u0142e s\u0142owa o moim Tacie. Jestem wdzi\u0119czna za wsparcie, [&hellip;]<\/p>\n","protected":false},"author":2,"featured_media":0,"comment_status":"open","ping_status":"open","sticky":false,"template":"","format":"standard","meta":{"ngg_post_thumbnail":0,"footnotes":""},"categories":[1,37],"tags":[38],"aioseo_notices":[],"_links":{"self":[{"href":"https:\/\/sikorowska.net\/rodzinnie\/wp-json\/wp\/v2\/posts\/47"}],"collection":[{"href":"https:\/\/sikorowska.net\/rodzinnie\/wp-json\/wp\/v2\/posts"}],"about":[{"href":"https:\/\/sikorowska.net\/rodzinnie\/wp-json\/wp\/v2\/types\/post"}],"author":[{"embeddable":true,"href":"https:\/\/sikorowska.net\/rodzinnie\/wp-json\/wp\/v2\/users\/2"}],"replies":[{"embeddable":true,"href":"https:\/\/sikorowska.net\/rodzinnie\/wp-json\/wp\/v2\/comments?post=47"}],"version-history":[{"count":1,"href":"https:\/\/sikorowska.net\/rodzinnie\/wp-json\/wp\/v2\/posts\/47\/revisions"}],"predecessor-version":[{"id":48,"href":"https:\/\/sikorowska.net\/rodzinnie\/wp-json\/wp\/v2\/posts\/47\/revisions\/48"}],"wp:attachment":[{"href":"https:\/\/sikorowska.net\/rodzinnie\/wp-json\/wp\/v2\/media?parent=47"}],"wp:term":[{"taxonomy":"category","embeddable":true,"href":"https:\/\/sikorowska.net\/rodzinnie\/wp-json\/wp\/v2\/categories?post=47"},{"taxonomy":"post_tag","embeddable":true,"href":"https:\/\/sikorowska.net\/rodzinnie\/wp-json\/wp\/v2\/tags?post=47"}],"curies":[{"name":"wp","href":"https:\/\/api.w.org\/{rel}","templated":true}]}}