{"id":63,"date":"2010-05-04T21:34:10","date_gmt":"2010-05-04T20:34:10","guid":{"rendered":"https:\/\/sikorowska.net\/rodzinnie\/?p=63"},"modified":"2010-05-04T21:34:10","modified_gmt":"2010-05-04T20:34:10","slug":"zwierzeta-w-naszym-domu-cz-2-bret","status":"publish","type":"post","link":"https:\/\/sikorowska.net\/rodzinnie\/2010\/05\/04\/zwierzeta-w-naszym-domu-cz-2-bret\/","title":{"rendered":"Zwierz\u0119ta w naszym domu cz.2 &#8211; Bret"},"content":{"rendered":"<p><strong>Bretek<\/strong> to pierwszy tak naprawd\u0119 m\u00f3j pies.<\/p>\nngg_shortcode_0_placeholder\n<p>Kupili\u015bmy go na wystawie ps\u00f3w rasowych w Bielsku, w sierpniu 1982 roku. M\u00f3j m\u0105\u017c w\u0142a\u015bnie zosta\u0142 powo\u0142any do wojska i Bretek mia\u0142 mi umili\u0107 samotno\u015b\u0107.<\/p>\nngg_shortcode_1_placeholder\n<p><strong>Bret z Grodu Juranda w Szczytnie<\/strong> mia\u0142 wspania\u0142y rodow\u00f3d i\u2026 <!--more-->urocze spojrzenie, a tak\u017ce wspania\u0142y \u201eogonkowy u\u015bmiech\u201d, mimo \u017ce ogonek by\u0142 przyci\u0119ty. \u201eRokowa\u0142 nadzieje hodowlane\u201d, ale nikomu z nas nie przysz\u0142o do g\u0142owy, by lansowa\u0107 go na wystawach. By\u0142 po prostu kolejnym czworono\u017cnym domownikiem kochanym przez wszystkich, nawet przez koty, kt\u00f3re mia\u0142a Babcia Eleonora. Uwielbia\u0142 pogonie za kurami (a w \u0141\u0119gu pasa\u0142o si\u0119 ich mn\u00f3stwo \u2013 czy kury si\u0119 pas\u0105?), tarzanie si\u0119 w r\u00f3\u017cno\u015bciach ma\u0142o pachn\u0105cych i oczywi\u015bcie drapanie za uszkiem i po kud\u0142atym brzuszku. Co ja tu si\u0119 b\u0119d\u0119 rozwija\u0107! Kasia &#8211; pocz\u0105tkuj\u0105ca pi\u0105toklasistka &#8211; napisa\u0142a wypracowanie domowe o swoim zwierz\u0105tku. Oto ono: ngg_shortcode_2_placeholder<\/p>\nngg_shortcode_3_placeholder\nngg_shortcode_4_placeholder\n<p>Towarzyszy\u0142 nam do grudnia 1996.<\/p>\n<p>Wi\u0119cej Bretka w galerii <a href=\"https:\/\/sikorowska.net\/rodzinnie\/galeria\/?album=3&amp;gallery=9\" target=\"_blank\">&#8222;zwierzaki&#8221;<\/a>.<\/p>\n","protected":false},"excerpt":{"rendered":"<p>Bretek to pierwszy tak naprawd\u0119 m\u00f3j pies. Kupili\u015bmy go na wystawie ps\u00f3w rasowych w Bielsku, w sierpniu 1982 roku. M\u00f3j m\u0105\u017c w\u0142a\u015bnie zosta\u0142 powo\u0142any do wojska i Bretek mia\u0142 mi umili\u0107 samotno\u015b\u0107. Bret z Grodu Juranda w Szczytnie mia\u0142 wspania\u0142y rodow\u00f3d i\u2026<\/p>\n","protected":false},"author":2,"featured_media":0,"comment_status":"open","ping_status":"open","sticky":false,"template":"","format":"standard","meta":{"ngg_post_thumbnail":0,"footnotes":""},"categories":[1,85],"tags":[112],"aioseo_notices":[],"_links":{"self":[{"href":"https:\/\/sikorowska.net\/rodzinnie\/wp-json\/wp\/v2\/posts\/63"}],"collection":[{"href":"https:\/\/sikorowska.net\/rodzinnie\/wp-json\/wp\/v2\/posts"}],"about":[{"href":"https:\/\/sikorowska.net\/rodzinnie\/wp-json\/wp\/v2\/types\/post"}],"author":[{"embeddable":true,"href":"https:\/\/sikorowska.net\/rodzinnie\/wp-json\/wp\/v2\/users\/2"}],"replies":[{"embeddable":true,"href":"https:\/\/sikorowska.net\/rodzinnie\/wp-json\/wp\/v2\/comments?post=63"}],"version-history":[{"count":0,"href":"https:\/\/sikorowska.net\/rodzinnie\/wp-json\/wp\/v2\/posts\/63\/revisions"}],"wp:attachment":[{"href":"https:\/\/sikorowska.net\/rodzinnie\/wp-json\/wp\/v2\/media?parent=63"}],"wp:term":[{"taxonomy":"category","embeddable":true,"href":"https:\/\/sikorowska.net\/rodzinnie\/wp-json\/wp\/v2\/categories?post=63"},{"taxonomy":"post_tag","embeddable":true,"href":"https:\/\/sikorowska.net\/rodzinnie\/wp-json\/wp\/v2\/tags?post=63"}],"curies":[{"name":"wp","href":"https:\/\/api.w.org\/{rel}","templated":true}]}}