{"id":69,"date":"2010-09-05T18:12:09","date_gmt":"2010-09-05T17:12:09","guid":{"rendered":"https:\/\/sikorowska.net\/rodzinnie\/?p=69"},"modified":"2010-09-05T18:12:09","modified_gmt":"2010-09-05T17:12:09","slug":"slub-moich-rodzicow","status":"publish","type":"post","link":"https:\/\/sikorowska.net\/rodzinnie\/2010\/09\/05\/slub-moich-rodzicow\/","title":{"rendered":"\u015alub moich Rodzic\u00f3w"},"content":{"rendered":"<p>By\u0142o to w lipcu 1956 roku. Dwie panny Ferfeckie zdecydowa\u0142y si\u0119 na zam\u0105\u017cp\u00f3j\u015bcie. Stenia wybra\u0142a J\u00f3zka Ga\u0144czarczyka, Lena &#8211; Leszka Sikorowskiego.<\/p>\n<p>Wed\u0142ug relacji Mamy w naszym ma\u0142ym miasteczku by\u0142oby to zdaje si\u0119 do\u015b\u0107 ekscytuj\u0105ce wydarzenie, wi\u0119c postanowili wzi\u0105\u0107 \u015blub cicho i dyskretnie poza Skoczowem i na dodatek bez zb\u0119dnych wydatk\u00f3w, jakie by ich nie omin\u0119\u0142y, gdyby za\u015blubiny odby\u0142y si\u0119 w Skoczowie. Nie cierpieli na nadmiar got\u00f3wki, nie mieli ochoty na kosztowne klasyczne weselisko, a poza tym zawsze mieli oryginalne pomys\u0142y.<\/p>\n<p>Zapakowali swoje rzeczy, wsiedli&#8230; oczywi\u015bcie &#8211; na motocykle \u00a0 ngg_shortcode_0_placeholder\u00a0\u00a0<!--more--> ngg_shortcode_1_placeholder\u00a0\u00a0 i pojechali do <a href=\"http:\/\/www.odleglosci.pl\/mapa,polski,Zgon.html\" target=\"_blank\">Zgonia<\/a>, gdzie um\u00f3wili si\u0119 z zaprzyja\u017anionym proboszczem (Tato <a href=\"https:\/\/sikorowska.net\/rodzinnie\/leszek-sikorowski\/tato-w-pracy-ciag-dalszy\/#more-44\" target=\"_blank\">pracowa\u0142\u00a0 w\u00a0 \u017borach<\/a> oddalonych o 11 km od wioski), by wzi\u0105\u0107 \u015blub i zaraz wyruszy\u0107 w podr\u00f3\u017c po\u015blubn\u0105 na Mazury.<\/p>\n<p>J\u00f3zek i Stenia byli \u015bwiadkami Leny i Leszka i odwrotnie.<\/p>\n<p>Po ceremonii spotka\u0142a ich mi\u0142a niespodzianka &#8211; przygotowano dla zaskoczonych i ju\u017c wyruszaj\u0105cych w drog\u0119 nowo\u017ce\u0144c\u00f3w wspania\u0142\u0105 uczt\u0119 weseln\u0105. Zdaje si\u0119, \u017ce podr\u00f3\u017c kontynuowali dopiero nazajutrz &#8211; nie znam szczeg\u00f3\u0142\u00f3w.<\/p>\nngg_shortcode_2_placeholder\n<p>Dotarli na Mazury, zwiedzaj\u0105c przy okazji okolice (m.in. Malbork)<\/p>\nngg_shortcode_3_placeholder\nngg_shortcode_4_placeholder\n<p>i tam sp\u0119dzili sw\u00f3j &#8222;miesi\u0105c miodowy&#8221;.<\/p>\n<p>\u00d3wczesne Mazury by\u0142y naprawd\u0119 przepi\u0119kne, zaciszne, spokojne.\u00a0 Zreszt\u0105, wystarczy spojrze\u0107 na zdj\u0119cia.<\/p>\nngg_shortcode_5_placeholder\nngg_shortcode_6_placeholder\nngg_shortcode_7_placeholder\n","protected":false},"excerpt":{"rendered":"<p>By\u0142o to w lipcu 1956 roku. Dwie panny Ferfeckie zdecydowa\u0142y si\u0119 na zam\u0105\u017cp\u00f3j\u015bcie. Stenia wybra\u0142a J\u00f3zka Ga\u0144czarczyka, Lena &#8211; Leszka Sikorowskiego. Wed\u0142ug relacji Mamy w naszym ma\u0142ym miasteczku by\u0142oby to zdaje si\u0119 do\u015b\u0107 ekscytuj\u0105ce wydarzenie, wi\u0119c postanowili wzi\u0105\u0107 \u015blub cicho i dyskretnie poza Skoczowem i na dodatek bez zb\u0119dnych wydatk\u00f3w, jakie by ich nie omin\u0119\u0142y, [&hellip;]<\/p>\n","protected":false},"author":2,"featured_media":0,"comment_status":"open","ping_status":"open","sticky":false,"template":"","format":"standard","meta":{"ngg_post_thumbnail":0,"footnotes":""},"categories":[1,11],"tags":[91,105,103,122,121,90,92],"aioseo_notices":[],"_links":{"self":[{"href":"https:\/\/sikorowska.net\/rodzinnie\/wp-json\/wp\/v2\/posts\/69"}],"collection":[{"href":"https:\/\/sikorowska.net\/rodzinnie\/wp-json\/wp\/v2\/posts"}],"about":[{"href":"https:\/\/sikorowska.net\/rodzinnie\/wp-json\/wp\/v2\/types\/post"}],"author":[{"embeddable":true,"href":"https:\/\/sikorowska.net\/rodzinnie\/wp-json\/wp\/v2\/users\/2"}],"replies":[{"embeddable":true,"href":"https:\/\/sikorowska.net\/rodzinnie\/wp-json\/wp\/v2\/comments?post=69"}],"version-history":[{"count":0,"href":"https:\/\/sikorowska.net\/rodzinnie\/wp-json\/wp\/v2\/posts\/69\/revisions"}],"wp:attachment":[{"href":"https:\/\/sikorowska.net\/rodzinnie\/wp-json\/wp\/v2\/media?parent=69"}],"wp:term":[{"taxonomy":"category","embeddable":true,"href":"https:\/\/sikorowska.net\/rodzinnie\/wp-json\/wp\/v2\/categories?post=69"},{"taxonomy":"post_tag","embeddable":true,"href":"https:\/\/sikorowska.net\/rodzinnie\/wp-json\/wp\/v2\/tags?post=69"}],"curies":[{"name":"wp","href":"https:\/\/api.w.org\/{rel}","templated":true}]}}